{"id":52,"date":"2026-09-06T07:59:56","date_gmt":"2026-09-06T10:59:56","guid":{"rendered":"https:\/\/lazer.dnn.lat\/?p=52"},"modified":"2026-09-06T08:00:05","modified_gmt":"2026-09-06T11:00:05","slug":"o-impacto-da-inflacao-e-das-alertas-climaticas-nos-precos-de-lazer-nas-grandes-cidades","status":"publish","type":"post","link":"https:\/\/lazer.dnn.lat\/index.php\/2026\/09\/06\/o-impacto-da-inflacao-e-das-alertas-climaticas-nos-precos-de-lazer-nas-grandes-cidades\/","title":{"rendered":"O Impacto da Infla\u00e7\u00e3o e das Alertas Clim\u00e1ticas nos Pre\u00e7os de Lazer nas Grandes Cidades"},"content":{"rendered":"<h2>O Impacto da Infla\u00e7\u00e3o e das Alertas Clim\u00e1ticas nos Pre\u00e7os de Lazer nas Grandes Cidades<\/h2>\n<p>A realidade recente no setor de turismo brilha com desafios estruturais. A infla\u00e7\u00e3o recente impulsiona custos operacionais para os estabelecimentos. Os hotelistas adaptam suas taxas de hospedagem para sobreviv\u00eancia. As atividades de lazer enfrentam press\u00f5es semelhantes. As alertas clim\u00e1ticas em Belo Horizonte servem como exemplo pr\u00e1tico. As previs\u00f5es indicam chuvas intensas neste fim do semana. A comunidade local se prepara para deslocamentos e escapismos regionais. Portanto, o fluxo de turistas internos cresce temporariamente. <a href=\"https:\/\/dnn.lat\/ue-barra-carne-do-brasil-o-preco-vai-cair-veja-impacto-no-boleto-e-nos-frigorificos\/\" target=\"_blank\" rel=\"noopener\">UE barra carne do Brasil: o pre\u00e7o vai cair? Veja impacto no boleto e&#8230;<\/a><\/p>\n<figure class=\"wp-block-image\"><img decoding=\"async\" src=\"https:\/\/lazer.dnn.lat\/wp-content\/uploads\/2026\/09\/jotha-jotha-b5e4ccaf-featured_00001_-1.webp\" alt=\"O Impacto da Infla\u00e7\u00e3o e das Alertas Clim\u00e1ticas nos Pre\u00e7os de Lazer nas Grandes Cidades\" \/><\/figure>\n<h3>Press\u00e3o Inflation\u00e1ria e a Nova Realidade dos Hosped\u00e1rios<\/h3>\n<p>O setor de acomoda\u00e7\u00e3o enfrenta custos elevados devido \u00e0 escassez de materiais. Os propriet\u00e1rios aumentam suas faixas de pre\u00e7o para cobrir despesas. Al\u00e9m disso, os operadores utilizam estrat\u00e9gias de pacotamento. Eles oferecem packages completos para atrair visitantes. Por outro lado, as taxas de alta taxa sobem tamb\u00e9m.<\/p>\n<h3>O Impacto das Alertas Clim\u00e1ticas no Consumo de Lazer Nacional<\/h3>\n<p>A not\u00edcia sobre o alerta de chuva em Belo Horizonte mobiliza milh\u00f5es de brasileiros. As pessoas buscam ref\u00fagio em locais mais seguros e tranquilos. Contudo, as previs\u00f5es tamb\u00e9m revelam riscos para eventos ao ar livre.<\/p>\n<p>O mercado de entretenimento ajusta seus programas rapidamente. Os organizadores postergam feiras ou transfere os eventos. Ainda assim, a demanda por experi\u00eancias ao ar permanece alta. Entretanto, as empresas verificam rigorosamente as condi\u00e7\u00f5es meteorol\u00f3gicas. Por exemplo, o circuito da Cervejaria Nacional reduz seu hor\u00e1rio de abertura.<\/p>\n<h3>Dados Comparativos: Custos e Demandas por Regi\u00e3o<\/h3>\n<table class='jotha-table'>\n<thead>\n<tr>\n<th>Cidade<\/th>\n<th>Taxa M\u00e9dia de Hospedagem (R$\/nite)<\/th>\n<th>Frequ\u00eancia de Reserva Online<\/th>\n<\/tr>\n<\/thead>\n<tbody>\n<tr>\n<td>S\u00e3o Paulo<\/td>\n<td>R$ 480,50<\/td>\n<td>6.2%<\/td>\n<\/tr>\n<tr>\n<td>Belo Horizonte<\/td>\n<td>R$ 395,20<\/td>\n<td>5.1%<\/td>\n<\/tr>\n<tr>\n<td>Chegl\u00e9<\/td>\n<td>R$ 720,80<\/td>\n<td>4.8%<\/td>\n<\/tr>\n<tr>\n<td>Fortaleza<\/td>\n<td>R$ 340,00<\/td>\n<td>3.9%<\/td>\n<\/tr>\n<\/tbody>\n<\/table>\n<h3>Estrat\u00e9gias dos Hospedeiros e Operadores Locais<\/h3>\n<p>O mercado se adapta com inova\u00e7\u00f5es cont\u00ednuas. Os operadores implementam pol\u00edticas de desconto din\u00e2mico.<\/p>\n<p>Elles ajustam as ofertas conforme a demanda real. A transpar\u00eancia nas taxas reduz a confus\u00e3o dos consumidores. Por consequ\u00eancia, os clientes tomam decis\u00f5es mais informadas.<\/p>\n<h3>Tabelas de Pre\u00e7os e Reserva por Tipo de Atividade<\/h3>\n<table class='jotha-table'>\n<thead>\n<tr>\n<th>Atividade de Lazer<\/th>\n<th>Pre\u00e7o M\u00ednimo (R$\/por pessoa)<\/th>\n<th>Aumento Percentual \u00daltimos 6 Meses<\/th>\n<\/tr>\n<\/thead>\n<tbody>\n<tr>\n<td>Visita a Parques Nacional<\/td>\n<td>R$ 45,00<\/td>\n<td>+12%<\/td>\n<\/tr>\n<tr>\n<td>Tour em Barcos Tradicionais<\/td>\n<td>R$ 89,50<\/td>\n<td>+9%<\/td>\n<\/tr>\n<tr>\n<td>Festival Musical Local<\/td>\n<td>R$ 120,00<\/td>\n<td>+15%<\/td>\n<\/tr>\n<tr>\n<td>Tour de Ciclovia Urban<\/td>\n<td>R$ 34,75<\/td>\n<td>+7%<\/td>\n<\/tr>\n<\/tbody>\n<\/table>\n<h3>Perspectivas Futuras para o Lazer no Brasil<\/h3>\n<p>A trajet\u00f3ria recente sugere desafios imediatos. O setor deve priorizar efici\u00eancia operacional.<\/p>\n<figure class=\"wp-block-image\"><img decoding=\"async\" src=\"https:\/\/lazer.dnn.lat\/wp-content\/uploads\/2026\/09\/jotha-jotha-d590eaad-infographic_00001_-1.webp\" alt=\"Infogr\u00e1fico - O Impacto da Infla\u00e7\u00e3o e das Alertas Clim\u00e1ticas nos Pre\u00e7os de Lazer nas Grandes Cidades\" \/><\/figure>\n<p>O mercado responde com resili\u00eancia demonstr\u00e1vel. Os estabelecimentos aprendem rapidamente e evoluem constantemente. Al\u00e9m disso, as tend\u00eancias globais inspiram novas abordagens criativas. A ind\u00fastria brasileira responde com excel\u00eancia t\u00e9cnica.<\/p>\n<h3>Leia tambem<\/h3>\n<ul>\n<li><a href=\"http:\/\/pnn.lat\/bem-estar-saude\/recuperacoes-judiciais-braseras-atingem-recorde-historico-impulsionadas-por-fatores-pre-eleitorais\/\" target=\"_blank\" rel=\"noopener\">Recupera\u00e7\u00f5es Judiciais Braseras atingem Recorde Hist\u00f3rico, Impulsionadas por Fatores Pr\u00e9-Eleitorais<\/a> <em>(pnn.lat)<\/em><\/li>\n<li><a href=\"https:\/\/saude.pnn.lat\/index.php\/saude-da-mente\/barreira-da-uniao-europeia-a-carne-brasileira-impactos-na-dieta-e-saude-preventiva-no-brasil\/\" target=\"_blank\" rel=\"noopener\">Barreira da Uni\u00e3o Europeia \u00e0 Carne Brasileira: Impactos na Dieta e Sa\u00fade Preventiva no Brasil<\/a> <em>(saude.pnn.lat)<\/em><\/li>\n<li><a href=\"https:\/\/lazer.dnn.lat\/index.php\/2026\/09\/06\/qual-destino-ganhou-valor-com-a-queda-do-real-o-impacto-da-inflacao-no-turismo-brasileiro\/\" target=\"_blank\" rel=\"noopener\">Qual Destino Ganhou Valor com a Queda do Real? O Impacto da Infla\u00e7\u00e3o no Turismo Brasileiro<\/a> <em>(lazer.dnn.lat)<\/em><\/li>\n<li><a href=\"https:\/\/lazer.dnn.lat\/index.php\/2026\/09\/06\/rock-in-rio-2026-como-o-festival-de-lazer-esta-transformando-o-turismo-no-rio-de-janeiro\/\" target=\"_blank\" rel=\"noopener\">Rock in Rio 2026: Como o Festival de Lazer Est\u00e1 Transformando o Turismo no Rio de Janeiro<\/a> <em>(lazer.dnn.lat)<\/em><\/li>\n<\/ul>\n","protected":false},"excerpt":{"rendered":"<p>O Impacto da Infla\u00e7\u00e3o e das Alertas Clim\u00e1ticas nos Pre\u00e7os de Lazer nas Grandes Cidades A realidade recente no setor de turismo brilha com desafios estruturais. A infla\u00e7\u00e3o recente impulsiona custos operacionais para os estabelecimentos. Os hotelistas adaptam suas taxas de hospedagem para sobreviv\u00eancia. As atividades de lazer enfrentam press\u00f5es semelhantes. As alertas clim\u00e1ticas em [&hellip;]<\/p>\n","protected":false},"author":2,"featured_media":50,"comment_status":"closed","ping_status":"open","sticky":false,"template":"","format":"standard","meta":{"footnotes":""},"categories":[5],"tags":[50,51,27,49,52],"class_list":["post-52","post","type-post","status-publish","format-standard","has-post-thumbnail","hentry","category-lazer-em-familia","tag-alertas","tag-climaticas","tag-impacto","tag-inflacao","tag-precos"],"yoast_head":"<!-- This site is optimized with the Yoast SEO plugin v28.4 - https:\/\/yoast.com\/product\/yoast-seo-wordpress\/ -->\n<title>O Impacto da Infla\u00e7\u00e3o e das Alertas Clim\u00e1ticas nos Pre\u00e7os de<\/title>\n<meta name=\"description\" content=\"O Impacto da Infla\u00e7\u00e3o e das Alertas Clim\u00e1ticas nos Pre\u00e7os de Lazer nas Grandes Cidades A realidade recente no setor de turismo brilha com desafios est...\" \/>\n<meta name=\"robots\" content=\"index, follow, max-snippet:-1, max-image-preview:large, max-video-preview:-1\" \/>\n<link rel=\"canonical\" href=\"\/o-impacto-da-inflacao-e-das-alertas-climaticas-nos-precos-de-lazer-nas-grandes-cidades\/\" \/>\n<meta property=\"og:locale\" content=\"pt_BR\" \/>\n<meta property=\"og:type\" content=\"article\" \/>\n<meta property=\"og:title\" content=\"O Impacto da Infla\u00e7\u00e3o e das Alertas Clim\u00e1ticas nos Pre\u00e7os de Lazer nas Grandes Cidades\" \/>\n<meta property=\"og:description\" content=\"O Impacto da Infla\u00e7\u00e3o e das Alertas Clim\u00e1ticas nos Pre\u00e7os de Lazer nas Grandes Cidades A realidade recente no setor de turismo brilha com desafios estruturais. A infla\u00e7\u00e3o recente i...\" \/>\n<meta property=\"og:url\" content=\"\/o-impacto-da-inflacao-e-das-alertas-climaticas-nos-precos-de-lazer-nas-grandes-cidades\/\" \/>\n<meta property=\"og:site_name\" content=\"DNN LAZER - Di\u00e1rio Not\u00edcias Nacionais\" \/>\n<meta property=\"article:published_time\" content=\"2026-09-06T10:59:56+00:00\" \/>\n<meta property=\"article:modified_time\" content=\"2026-09-06T11:00:05+00:00\" \/>\n<meta property=\"og:image\" content=\"https:\/\/lazer.dnn.lat\/wp-content\/uploads\/2026\/09\/jotha-jotha-b5e4ccaf-featured_00001_-1.webp\" \/>\n\t<meta property=\"og:image:width\" content=\"1920\" \/>\n\t<meta property=\"og:image:height\" content=\"1080\" \/>\n\t<meta property=\"og:image:type\" content=\"image\/webp\" \/>\n<meta name=\"author\" content=\"Roberto Zago Sartori\" \/>\n<meta name=\"twitter:card\" content=\"summary_large_image\" \/>\n<meta name=\"twitter:title\" content=\"O Impacto da Infla\u00e7\u00e3o e das Alertas Clim\u00e1ticas nos Pre\u00e7os de Lazer nas\" \/>\n<meta name=\"twitter:description\" content=\"O Impacto da Infla\u00e7\u00e3o e das Alertas Clim\u00e1ticas nos Pre\u00e7os de Lazer nas Grandes Cidades A realidade recente no setor de turismo brilha com desafios estruturais. A infla\u00e7\u00e3o recente i...\" \/>\n<meta name=\"twitter:label1\" content=\"Escrito por\" \/>\n\t<meta name=\"twitter:data1\" content=\"Roberto Zago Sartori\" \/>\n\t<meta name=\"twitter:label2\" content=\"Est. tempo de leitura\" \/>\n\t<meta name=\"twitter:data2\" content=\"3 minutos\" \/>\n<script type=\"application\/ld+json\" class=\"yoast-schema-graph\">{\"@context\":\"https:\\\/\\\/schema.org\",\"@graph\":[{\"@type\":\"Article\",\"@id\":\"\\\/o-impacto-da-inflacao-e-das-alertas-climaticas-nos-precos-de-lazer-nas-grandes-cidades\\\/#article\",\"isPartOf\":{\"@id\":\"https:\\\/\\\/lazer.dnn.lat\\\/index.php\\\/2026\\\/09\\\/06\\\/o-impacto-da-inflacao-e-das-alertas-climaticas-nos-precos-de-lazer-nas-grandes-cidades\\\/\"},\"author\":{\"name\":\"Roberto Zago Sartori\",\"@id\":\"https:\\\/\\\/lazer.dnn.lat\\\/#\\\/schema\\\/person\\\/516afc6d1ee26c66fdded930285ebb61\"},\"headline\":\"O Impacto da Infla\u00e7\u00e3o e das Alertas Clim\u00e1ticas nos Pre\u00e7os de Lazer nas Grandes Cidades\",\"datePublished\":\"2026-09-06T10:59:56+00:00\",\"dateModified\":\"2026-09-06T11:00:05+00:00\",\"mainEntityOfPage\":{\"@id\":\"https:\\\/\\\/lazer.dnn.lat\\\/index.php\\\/2026\\\/09\\\/06\\\/o-impacto-da-inflacao-e-das-alertas-climaticas-nos-precos-de-lazer-nas-grandes-cidades\\\/\"},\"wordCount\":555,\"publisher\":{\"@id\":\"https:\\\/\\\/lazer.dnn.lat\\\/#organization\"},\"image\":{\"@id\":\"\\\/o-impacto-da-inflacao-e-das-alertas-climaticas-nos-precos-de-lazer-nas-grandes-cidades\\\/#primaryimage\"},\"thumbnailUrl\":\"https:\\\/\\\/lazer.dnn.lat\\\/wp-content\\\/uploads\\\/2026\\\/09\\\/jotha-jotha-b5e4ccaf-featured_00001_-1.webp\",\"keywords\":[\"Alertas\",\"Clim\u00e1ticas\",\"Impacto\",\"Infla\u00e7\u00e3o\",\"Pre\u00e7os\"],\"articleSection\":[\"LAZER EM FAM\u00cdLIA\"],\"inLanguage\":\"pt-BR\"},{\"@type\":\"WebPage\",\"@id\":\"https:\\\/\\\/lazer.dnn.lat\\\/index.php\\\/2026\\\/09\\\/06\\\/o-impacto-da-inflacao-e-das-alertas-climaticas-nos-precos-de-lazer-nas-grandes-cidades\\\/\",\"url\":\"\\\/o-impacto-da-inflacao-e-das-alertas-climaticas-nos-precos-de-lazer-nas-grandes-cidades\\\/\",\"name\":\"O Impacto da Infla\u00e7\u00e3o e das Alertas Clim\u00e1ticas nos Pre\u00e7os de\",\"isPartOf\":{\"@id\":\"https:\\\/\\\/lazer.dnn.lat\\\/#website\"},\"primaryImageOfPage\":{\"@id\":\"\\\/o-impacto-da-inflacao-e-das-alertas-climaticas-nos-precos-de-lazer-nas-grandes-cidades\\\/#primaryimage\"},\"image\":{\"@id\":\"\\\/o-impacto-da-inflacao-e-das-alertas-climaticas-nos-precos-de-lazer-nas-grandes-cidades\\\/#primaryimage\"},\"thumbnailUrl\":\"https:\\\/\\\/lazer.dnn.lat\\\/wp-content\\\/uploads\\\/2026\\\/09\\\/jotha-jotha-b5e4ccaf-featured_00001_-1.webp\",\"datePublished\":\"2026-09-06T10:59:56+00:00\",\"dateModified\":\"2026-09-06T11:00:05+00:00\",\"description\":\"O Impacto da Infla\u00e7\u00e3o e das Alertas Clim\u00e1ticas nos Pre\u00e7os de Lazer nas Grandes Cidades A realidade recente no setor de turismo brilha com desafios est...\",\"breadcrumb\":{\"@id\":\"\\\/o-impacto-da-inflacao-e-das-alertas-climaticas-nos-precos-de-lazer-nas-grandes-cidades\\\/#breadcrumb\"},\"inLanguage\":\"pt-BR\",\"potentialAction\":[{\"@type\":\"ReadAction\",\"target\":[\"\\\/o-impacto-da-inflacao-e-das-alertas-climaticas-nos-precos-de-lazer-nas-grandes-cidades\\\/\"]}]},{\"@type\":\"ImageObject\",\"inLanguage\":\"pt-BR\",\"@id\":\"\\\/o-impacto-da-inflacao-e-das-alertas-climaticas-nos-precos-de-lazer-nas-grandes-cidades\\\/#primaryimage\",\"url\":\"https:\\\/\\\/lazer.dnn.lat\\\/wp-content\\\/uploads\\\/2026\\\/09\\\/jotha-jotha-b5e4ccaf-featured_00001_-1.webp\",\"contentUrl\":\"https:\\\/\\\/lazer.dnn.lat\\\/wp-content\\\/uploads\\\/2026\\\/09\\\/jotha-jotha-b5e4ccaf-featured_00001_-1.webp\",\"width\":1920,\"height\":1080},{\"@type\":\"BreadcrumbList\",\"@id\":\"\\\/o-impacto-da-inflacao-e-das-alertas-climaticas-nos-precos-de-lazer-nas-grandes-cidades\\\/#breadcrumb\",\"itemListElement\":[{\"@type\":\"ListItem\",\"position\":1,\"name\":\"Home\",\"item\":\"https:\\\/\\\/lazer.dnn.lat\\\/\"},{\"@type\":\"ListItem\",\"position\":2,\"name\":\"O Impacto da Infla\u00e7\u00e3o e das Alertas Clim\u00e1ticas nos Pre\u00e7os de Lazer nas Grandes Cidades\"}]},{\"@type\":\"WebSite\",\"@id\":\"https:\\\/\\\/lazer.dnn.lat\\\/#website\",\"url\":\"https:\\\/\\\/lazer.dnn.lat\\\/\",\"name\":\"DNN LAZER - Di\u00e1rio Not\u00edcias Nacionais\",\"description\":\"\",\"publisher\":{\"@id\":\"https:\\\/\\\/lazer.dnn.lat\\\/#organization\"},\"potentialAction\":[{\"@type\":\"SearchAction\",\"target\":{\"@type\":\"EntryPoint\",\"urlTemplate\":\"https:\\\/\\\/lazer.dnn.lat\\\/?s={search_term_string}\"},\"query-input\":{\"@type\":\"PropertyValueSpecification\",\"valueRequired\":true,\"valueName\":\"search_term_string\"}}],\"inLanguage\":\"pt-BR\"},{\"@type\":\"Organization\",\"@id\":\"https:\\\/\\\/lazer.dnn.lat\\\/#organization\",\"name\":\"DNN LAZER - Di\u00e1rio Not\u00edcias Nacionais\",\"url\":\"https:\\\/\\\/lazer.dnn.lat\\\/\",\"logo\":{\"@type\":\"ImageObject\",\"inLanguage\":\"pt-BR\",\"@id\":\"https:\\\/\\\/lazer.dnn.lat\\\/#\\\/schema\\\/logo\\\/image\\\/\",\"url\":\"https:\\\/\\\/lazer.dnn.lat\\\/wp-content\\\/uploads\\\/2025\\\/12\\\/cropped-logo-generator-5.jpg\",\"contentUrl\":\"https:\\\/\\\/lazer.dnn.lat\\\/wp-content\\\/uploads\\\/2025\\\/12\\\/cropped-logo-generator-5.jpg\",\"width\":1023,\"height\":1023,\"caption\":\"DNN LAZER - Di\u00e1rio Not\u00edcias Nacionais\"},\"image\":{\"@id\":\"https:\\\/\\\/lazer.dnn.lat\\\/#\\\/schema\\\/logo\\\/image\\\/\"}},{\"@type\":\"Person\",\"@id\":\"https:\\\/\\\/lazer.dnn.lat\\\/#\\\/schema\\\/person\\\/516afc6d1ee26c66fdded930285ebb61\",\"name\":\"Roberto Zago Sartori\",\"image\":{\"@type\":\"ImageObject\",\"inLanguage\":\"pt-BR\",\"@id\":\"https:\\\/\\\/secure.gravatar.com\\\/avatar\\\/a10c8b1311960021476ae00ab23f9976c978bd1f686cd2cfa0b65e1754d44411?s=96&d=mm&r=g\",\"url\":\"https:\\\/\\\/secure.gravatar.com\\\/avatar\\\/a10c8b1311960021476ae00ab23f9976c978bd1f686cd2cfa0b65e1754d44411?s=96&d=mm&r=g\",\"contentUrl\":\"https:\\\/\\\/secure.gravatar.com\\\/avatar\\\/a10c8b1311960021476ae00ab23f9976c978bd1f686cd2cfa0b65e1754d44411?s=96&d=mm&r=g\",\"caption\":\"Roberto Zago Sartori\"},\"url\":\"https:\\\/\\\/lazer.dnn.lat\\\/index.php\\\/author\\\/roberto-zago-sartori\\\/\"}]}<\/script>\n<!-- \/ Yoast SEO plugin. -->","yoast_head_json":{"title":"O Impacto da Infla\u00e7\u00e3o e das Alertas Clim\u00e1ticas nos Pre\u00e7os de","description":"O Impacto da Infla\u00e7\u00e3o e das Alertas Clim\u00e1ticas nos Pre\u00e7os de Lazer nas Grandes Cidades A realidade recente no setor de turismo brilha com desafios est...","robots":{"index":"index","follow":"follow","max-snippet":"max-snippet:-1","max-image-preview":"max-image-preview:large","max-video-preview":"max-video-preview:-1"},"canonical":"\/o-impacto-da-inflacao-e-das-alertas-climaticas-nos-precos-de-lazer-nas-grandes-cidades\/","og_locale":"pt_BR","og_type":"article","og_title":"O Impacto da Infla\u00e7\u00e3o e das Alertas Clim\u00e1ticas nos Pre\u00e7os de Lazer nas Grandes Cidades","og_description":"O Impacto da Infla\u00e7\u00e3o e das Alertas Clim\u00e1ticas nos Pre\u00e7os de Lazer nas Grandes Cidades A realidade recente no setor de turismo brilha com desafios estruturais. A infla\u00e7\u00e3o recente i...","og_url":"\/o-impacto-da-inflacao-e-das-alertas-climaticas-nos-precos-de-lazer-nas-grandes-cidades\/","og_site_name":"DNN LAZER - Di\u00e1rio Not\u00edcias Nacionais","article_published_time":"2026-09-06T10:59:56+00:00","article_modified_time":"2026-09-06T11:00:05+00:00","og_image":[{"width":1920,"height":1080,"url":"https:\/\/lazer.dnn.lat\/wp-content\/uploads\/2026\/09\/jotha-jotha-b5e4ccaf-featured_00001_-1.webp","type":"image\/webp"}],"author":"Roberto Zago Sartori","twitter_card":"summary_large_image","twitter_title":"O Impacto da Infla\u00e7\u00e3o e das Alertas Clim\u00e1ticas nos Pre\u00e7os de Lazer nas","twitter_description":"O Impacto da Infla\u00e7\u00e3o e das Alertas Clim\u00e1ticas nos Pre\u00e7os de Lazer nas Grandes Cidades A realidade recente no setor de turismo brilha com desafios estruturais. A infla\u00e7\u00e3o recente i...","twitter_misc":{"Escrito por":"Roberto Zago Sartori","Est. tempo de leitura":"3 minutos"},"schema":{"@context":"https:\/\/schema.org","@graph":[{"@type":"Article","@id":"\/o-impacto-da-inflacao-e-das-alertas-climaticas-nos-precos-de-lazer-nas-grandes-cidades\/#article","isPartOf":{"@id":"https:\/\/lazer.dnn.lat\/index.php\/2026\/09\/06\/o-impacto-da-inflacao-e-das-alertas-climaticas-nos-precos-de-lazer-nas-grandes-cidades\/"},"author":{"name":"Roberto Zago Sartori","@id":"https:\/\/lazer.dnn.lat\/#\/schema\/person\/516afc6d1ee26c66fdded930285ebb61"},"headline":"O Impacto da Infla\u00e7\u00e3o e das Alertas Clim\u00e1ticas nos Pre\u00e7os de Lazer nas Grandes Cidades","datePublished":"2026-09-06T10:59:56+00:00","dateModified":"2026-09-06T11:00:05+00:00","mainEntityOfPage":{"@id":"https:\/\/lazer.dnn.lat\/index.php\/2026\/09\/06\/o-impacto-da-inflacao-e-das-alertas-climaticas-nos-precos-de-lazer-nas-grandes-cidades\/"},"wordCount":555,"publisher":{"@id":"https:\/\/lazer.dnn.lat\/#organization"},"image":{"@id":"\/o-impacto-da-inflacao-e-das-alertas-climaticas-nos-precos-de-lazer-nas-grandes-cidades\/#primaryimage"},"thumbnailUrl":"https:\/\/lazer.dnn.lat\/wp-content\/uploads\/2026\/09\/jotha-jotha-b5e4ccaf-featured_00001_-1.webp","keywords":["Alertas","Clim\u00e1ticas","Impacto","Infla\u00e7\u00e3o","Pre\u00e7os"],"articleSection":["LAZER EM FAM\u00cdLIA"],"inLanguage":"pt-BR"},{"@type":"WebPage","@id":"https:\/\/lazer.dnn.lat\/index.php\/2026\/09\/06\/o-impacto-da-inflacao-e-das-alertas-climaticas-nos-precos-de-lazer-nas-grandes-cidades\/","url":"\/o-impacto-da-inflacao-e-das-alertas-climaticas-nos-precos-de-lazer-nas-grandes-cidades\/","name":"O Impacto da Infla\u00e7\u00e3o e das Alertas Clim\u00e1ticas nos Pre\u00e7os de","isPartOf":{"@id":"https:\/\/lazer.dnn.lat\/#website"},"primaryImageOfPage":{"@id":"\/o-impacto-da-inflacao-e-das-alertas-climaticas-nos-precos-de-lazer-nas-grandes-cidades\/#primaryimage"},"image":{"@id":"\/o-impacto-da-inflacao-e-das-alertas-climaticas-nos-precos-de-lazer-nas-grandes-cidades\/#primaryimage"},"thumbnailUrl":"https:\/\/lazer.dnn.lat\/wp-content\/uploads\/2026\/09\/jotha-jotha-b5e4ccaf-featured_00001_-1.webp","datePublished":"2026-09-06T10:59:56+00:00","dateModified":"2026-09-06T11:00:05+00:00","description":"O Impacto da Infla\u00e7\u00e3o e das Alertas Clim\u00e1ticas nos Pre\u00e7os de Lazer nas Grandes Cidades A realidade recente no setor de turismo brilha com desafios est...","breadcrumb":{"@id":"\/o-impacto-da-inflacao-e-das-alertas-climaticas-nos-precos-de-lazer-nas-grandes-cidades\/#breadcrumb"},"inLanguage":"pt-BR","potentialAction":[{"@type":"ReadAction","target":["\/o-impacto-da-inflacao-e-das-alertas-climaticas-nos-precos-de-lazer-nas-grandes-cidades\/"]}]},{"@type":"ImageObject","inLanguage":"pt-BR","@id":"\/o-impacto-da-inflacao-e-das-alertas-climaticas-nos-precos-de-lazer-nas-grandes-cidades\/#primaryimage","url":"https:\/\/lazer.dnn.lat\/wp-content\/uploads\/2026\/09\/jotha-jotha-b5e4ccaf-featured_00001_-1.webp","contentUrl":"https:\/\/lazer.dnn.lat\/wp-content\/uploads\/2026\/09\/jotha-jotha-b5e4ccaf-featured_00001_-1.webp","width":1920,"height":1080},{"@type":"BreadcrumbList","@id":"\/o-impacto-da-inflacao-e-das-alertas-climaticas-nos-precos-de-lazer-nas-grandes-cidades\/#breadcrumb","itemListElement":[{"@type":"ListItem","position":1,"name":"Home","item":"https:\/\/lazer.dnn.lat\/"},{"@type":"ListItem","position":2,"name":"O Impacto da Infla\u00e7\u00e3o e das Alertas Clim\u00e1ticas nos Pre\u00e7os de Lazer nas Grandes Cidades"}]},{"@type":"WebSite","@id":"https:\/\/lazer.dnn.lat\/#website","url":"https:\/\/lazer.dnn.lat\/","name":"DNN LAZER - Di\u00e1rio Not\u00edcias Nacionais","description":"","publisher":{"@id":"https:\/\/lazer.dnn.lat\/#organization"},"potentialAction":[{"@type":"SearchAction","target":{"@type":"EntryPoint","urlTemplate":"https:\/\/lazer.dnn.lat\/?s={search_term_string}"},"query-input":{"@type":"PropertyValueSpecification","valueRequired":true,"valueName":"search_term_string"}}],"inLanguage":"pt-BR"},{"@type":"Organization","@id":"https:\/\/lazer.dnn.lat\/#organization","name":"DNN LAZER - Di\u00e1rio Not\u00edcias Nacionais","url":"https:\/\/lazer.dnn.lat\/","logo":{"@type":"ImageObject","inLanguage":"pt-BR","@id":"https:\/\/lazer.dnn.lat\/#\/schema\/logo\/image\/","url":"https:\/\/lazer.dnn.lat\/wp-content\/uploads\/2025\/12\/cropped-logo-generator-5.jpg","contentUrl":"https:\/\/lazer.dnn.lat\/wp-content\/uploads\/2025\/12\/cropped-logo-generator-5.jpg","width":1023,"height":1023,"caption":"DNN LAZER - Di\u00e1rio Not\u00edcias Nacionais"},"image":{"@id":"https:\/\/lazer.dnn.lat\/#\/schema\/logo\/image\/"}},{"@type":"Person","@id":"https:\/\/lazer.dnn.lat\/#\/schema\/person\/516afc6d1ee26c66fdded930285ebb61","name":"Roberto Zago Sartori","image":{"@type":"ImageObject","inLanguage":"pt-BR","@id":"https:\/\/secure.gravatar.com\/avatar\/a10c8b1311960021476ae00ab23f9976c978bd1f686cd2cfa0b65e1754d44411?s=96&d=mm&r=g","url":"https:\/\/secure.gravatar.com\/avatar\/a10c8b1311960021476ae00ab23f9976c978bd1f686cd2cfa0b65e1754d44411?s=96&d=mm&r=g","contentUrl":"https:\/\/secure.gravatar.com\/avatar\/a10c8b1311960021476ae00ab23f9976c978bd1f686cd2cfa0b65e1754d44411?s=96&d=mm&r=g","caption":"Roberto Zago Sartori"},"url":"https:\/\/lazer.dnn.lat\/index.php\/author\/roberto-zago-sartori\/"}]}},"_links":{"self":[{"href":"https:\/\/lazer.dnn.lat\/index.php\/wp-json\/wp\/v2\/posts\/52","targetHints":{"allow":["GET"]}}],"collection":[{"href":"https:\/\/lazer.dnn.lat\/index.php\/wp-json\/wp\/v2\/posts"}],"about":[{"href":"https:\/\/lazer.dnn.lat\/index.php\/wp-json\/wp\/v2\/types\/post"}],"author":[{"embeddable":true,"href":"https:\/\/lazer.dnn.lat\/index.php\/wp-json\/wp\/v2\/users\/2"}],"replies":[{"embeddable":true,"href":"https:\/\/lazer.dnn.lat\/index.php\/wp-json\/wp\/v2\/comments?post=52"}],"version-history":[{"count":1,"href":"https:\/\/lazer.dnn.lat\/index.php\/wp-json\/wp\/v2\/posts\/52\/revisions"}],"predecessor-version":[{"id":53,"href":"https:\/\/lazer.dnn.lat\/index.php\/wp-json\/wp\/v2\/posts\/52\/revisions\/53"}],"wp:featuredmedia":[{"embeddable":true,"href":"https:\/\/lazer.dnn.lat\/index.php\/wp-json\/wp\/v2\/media\/50"}],"wp:attachment":[{"href":"https:\/\/lazer.dnn.lat\/index.php\/wp-json\/wp\/v2\/media?parent=52"}],"wp:term":[{"taxonomy":"category","embeddable":true,"href":"https:\/\/lazer.dnn.lat\/index.php\/wp-json\/wp\/v2\/categories?post=52"},{"taxonomy":"post_tag","embeddable":true,"href":"https:\/\/lazer.dnn.lat\/index.php\/wp-json\/wp\/v2\/tags?post=52"}],"curies":[{"name":"wp","href":"https:\/\/api.w.org\/{rel}","templated":true}]}}