{"id":42,"date":"2026-09-06T06:36:06","date_gmt":"2026-09-06T09:36:06","guid":{"rendered":"https:\/\/lazer.dnn.lat\/?p=42"},"modified":"2026-09-06T06:36:15","modified_gmt":"2026-09-06T09:36:15","slug":"como-planejar-sua-viagem-ao-belo-horizonte-com-a-chuva-dicas-de-lazer-e-turismo-para-o-final-do-verao","status":"publish","type":"post","link":"https:\/\/lazer.dnn.lat\/index.php\/2026\/09\/06\/como-planejar-sua-viagem-ao-belo-horizonte-com-a-chuva-dicas-de-lazer-e-turismo-para-o-final-do-verao\/","title":{"rendered":"Como planejar sua viagem ao Belo Horizonte com a chuva: dicas de lazer e turismo para o final do ver\u00e3o"},"content":{"rendered":"<h2>Como planejar sua viagem ao Belo Horizonte com a chuva: dicas de lazer e turismo para o final do ver\u00e3o<\/h2>\n<p>O calor estressante cede o lugar para as nuvens quando o fim do ver\u00e3o chega ao Brasil. A previs\u00e3o meteorol\u00f3gica confirma que o Belo Horizonte vive um per\u00edodo de chuvas intensas nesta \u00e9poca. Viajadores que planejam uma visita a esta cidade precisam se adaptar rapidamente \u00e0 nova realidade clim\u00e1tica. Al\u00e9m disso, os agentes locais recomendam reservas antecipadas para evitar inc\u00f3modos. Contudo, este momento tamb\u00e9m traz oportunidades \u00fanicas para o turismo de lazer. Entretanto, muitos viajadores ignoram as recomenda\u00e7\u00f5es dos especialistas da regi\u00e3o. Portanto, \u00e9 fundamental consultar o calend\u00e1rio de eventos antes de partida. Todavia, a cidade mant\u00e9m sua vibr\u00e2ncia cultural mesmo sob as nuvens. Inclusive, os eventos musicais se movem para palcos protegidos durante as semanas mais \u00famidas. Ademads, o clima brisk exige camisas longas para o conforto total. <a href=\"https:\/\/carros.pnn.lat\/2025\/12\/06\/nissan-kait-chega-ao-brasil-para-disputar-mercado-com-tera-kardian-e-pulse\/\" target=\"_blank\" rel=\"noopener\">Nissan Kait chega ao Brasil para disputar mercado com Tera, Kardian e&#8230;<\/a><\/p>\n<figure class=\"wp-block-image\"><img decoding=\"async\" src=\"https:\/\/lazer.dnn.lat\/wp-content\/uploads\/2026\/09\/jotha-jotha-1e96b013-featured_00001_-1.webp\" alt=\"Como planejar sua viagem ao Belo Horizonte com a chuva: dicas de lazer e turismo para o final do ver\u00e3o\" \/><\/figure>\n<p>O mercado hotel\u00e1rio ajusta seus pre\u00e7os conforme a demanda seasonal. Portanto, os turistas que planejam uma viagem devem reservar acomoda\u00e7\u00e3o antecipadamente. Todavia, os guia tur\u00edsticos adaptam suas rotas conforme a previs\u00e3o do dia. Al\u00e9m disso, a regi\u00e3o oferece circuitos de bike com vias impermeadas e seguras. Contudo, o transporte p\u00fablico pode sofrer atrasos inesperados em dias de chuva forte. Portanto, os viajadores devem verificar o hor\u00e1rio de chegada antes da hora de chuva prevista. No entanto, as empresas de mobilidade local garantem service confi\u00e1vel quando se reserva com anteced\u00eancia. Ainda assim, a seguran\u00e7a nas vias urbanas exige aten\u00e7\u00e3o especial quando as ruas ficam desligadas. Apesar disso, os museus hist\u00f3ricos abrem suas cole\u00e7\u00f5es especiais mesmo sob a umidade. Desta forma, o turismo cultural ganha vida mesmo durante o per\u00edodo mais intenso.<\/p>\n<h3>O cen\u00e1rio meteorol\u00f3gico e os impactos na planejagem de viagens<\/h3>\n<p>O clima brisk e as ruas molhadas exigem uma abordagem diferente para o turismo urbano. Voc\u00ea deve buscar roteiros que protejam a sua conforto e seguran\u00e7a. Al\u00e9m disso, muitos locais hist\u00f3ricos abrem suas \u00e1reas exteriores em dias nublados. Contudo, os especialistas recomendam consultar o calend\u00e1rio de eventos antes de partida. Entretanto, a cidade mant\u00e9m sua vibr\u00e2ncia cultural mesmo sob as nuvens. Portanto, o mercado hotel\u00e1rio ajusta seus pre\u00e7os conforme a demanda seasonal. Todavia, os guia tur\u00edsticos adaptam suas rotas conforme a previs\u00e3o do dia. Al\u00e9m disso, a regi\u00e3o oferece circuitos de bike com vias impermeadas e seguras.<\/p>\n<table class=\"jotha-table\">\n<thead>\n<tr>\n<th>Per\u00edodo da visita<\/th>\n<th>Temperatura m\u00e9dia<\/th>\n<th>Evolu\u00e7\u00e3o da chuva<\/th>\n<\/tr>\n<\/thead>\n<tbody>\n<tr>\n<td>Fim do ver\u00e3o<\/td>\n<td>28 a 31 \u00b0C<\/td>\n<td>Chuva intensa e constante<\/td>\n<\/tr>\n<tr>\n<td>Primeiro m\u00eas de inverno<\/td>\n<td>25 a 29 \u00b0C<\/td>\n<td>Epis\u00f3dios curtos e pontuais<\/td>\n<\/tr>\n<\/tbody>\n<\/table>\n<p>Portanto, os turistas que planejam uma viagem devem reservar acomoda\u00e7\u00e3o antecipadamente. Todavia, as empresas locais criam alternativas seguras para o lazer durante o per\u00edodo de chuvas prolongadas. Al\u00e9m disso, os guia tur\u00edsticos adaptam suas rotas conforme a previs\u00e3o do dia. Contudo, o transporte p\u00fablico pode sofrer atrasos inesperados em dias de chuva forte. Portanto, os viajadores devem verificar o hor\u00e1rio de chegada antes da hora de chuva prevista. No entanto, as empresas de mobilidade local garantem service confi\u00e1vel quando se reserva com anteced\u00eancia. Ainda assim, o mercado hotel\u00e1rio ajusta seus pre\u00e7os conforme a demanda seasonal.<\/p>\n<h3>Roteiros urbanos adaptados \u00e0 chuva para o turismo cultural<\/h3>\n<p>Voc\u00ea pode explorar museus e galerias de arte sem se preocupar com a umidade. Al\u00e9m disso, as bibliotecas p\u00fablicas abrem programas educativos para todos os p\u00fablicos. Contudo, os parques naturais exigem cuidados extras durante as chuvas pesadas. Entretanto, muitas empresas locais criam alternativas seguras para o lazer ao ar livre. Portanto, os turistas devem verificar o hor\u00e1rio de chegada antes da hora de chuva prevista. Todavia, a cidade mant\u00e9m sua vibr\u00e2ncia cultural mesmo sob as nuvens. Al\u00e9m isso, os guia tur\u00edsticos adaptam suas rotas conforme a previs\u00e3o do dia. Contudo, o transporte p\u00fablico pode sofrer atrasos inesperados em dias de chuva forte.<\/p>\n<ul>\n<li>A Biblioteca Municipal de Belo Horizonte<\/li>\n<li>Galeria de Arte Moderna (MAM BH)<\/li>\n<li>Espa\u00e7o Cultural Casa de Cultura<\/li>\n<\/ul>\n<p>Inclusive, os eventos musicais se movem para palcos protegidos durante as semanas mais \u00famidas. Ademads, o clima brisk exige camisas longas para o conforto total. Portanto, os viajadores devem verificar o hor\u00e1rio de chegada antes da hora de chuva prevista. Contudo, o transporte p\u00fablico pode sofrer atrasos inesperados em dias de chuva forte.<\/p>\n<h3>Hospedagem e transporte durante os dias mais intensos<\/h3>\n<p>O mercado hotel\u00e1rio ajusta seus pre\u00e7os conforme a demanda seasonal. Al\u00e9m disso, as plataformas de reserva demandam confirma\u00e7\u00e3o antecipada. Contudo, os viajadores que escolhem hot\u00e9is pr\u00f3ximos ao centro economizam com o transporte. Entretanto, a seguran\u00e7a nas vias urbanas exige aten\u00e7\u00e3o especial quando as ruas ficam desligadas. Portanto, o transporte p\u00fablico pode sofrer atrasos inesperados em dias de chuva forte.<\/p>\n<table class=\"jotha-table\">\n<thead>\n<tr>\n<th>Tipo de acomoda\u00e7\u00e3o<\/th>\n<th>Cobertura clim\u00e1tica<\/th>\n<th>Pre\u00e7o m\u00e9dio (R$)<\/th>\n<\/tr>\n<\/thead>\n<tbody>\n<tr>\n<td>Hotels centrais com cobertura 365\u00b0<\/td>\n<td>Alta prote\u00e7\u00e3o contra gotas<\/td>\n<td>R$ 280.00<\/td>\n<\/tr>\n<tr>\n<td>Hot\u00e9is de bairro com patios fechados<\/td>\n<td>Cobertura parcial e controlada<\/td>\n<td>R$ 195.00<\/td>\n<\/tr>\n<\/tbody>\n<\/table>\n<p>Todavia, as empresas de mobilidade local garantem service confi\u00e1vel quando se reserva com anteced\u00eancia. Al\u00e9m disso, a regi\u00e3o oferece circuitos de bike com vias impermeadas e seguras. Portanto, os turistas devem verificar o hor\u00e1rio de chegada antes da hora de chuva prevista. Contudo, o transporte p\u00fablico pode sofrer atrasos inesperados em dias de chuva forte.<\/p>\n<h3>Experi\u00eancias de lazer flex\u00edveis e com cobertura<\/h3>\n<p>Voc\u00ea pode assistir a espet\u00e1culos teatrais ou filmes cl\u00e1ssicos em theaters modernos. Contudo, as festivais de arte se transfere para espa\u00e7os internos durante o per\u00edodo de chuvas. Entretanto, os museus hist\u00f3ricos abrem suas cole\u00e7\u00f5es especiais mesmo sob a umidade. Portanto, os turistas devem verificar o hor\u00e1rio de chegada antes da hora de chuva prevista.<\/p>\n<ul>\n<li>Theater Municipal de Belo Horizonte<\/li>\n<li>Cinemat\u00e9ca do Centro Hist\u00f3rico<\/li>\n<li>Espa\u00e7o Cultural da Esta\u00e7\u00e3o Central<\/li>\n<\/ul>\n<p>Todavia, a cidade mant\u00e9m sua tradi\u00e7\u00e3o musical quando os grupos locais se movem a palcos protegidos. Al\u00e9m disso, as boutiques de moda oferecem eventos interativos com cobertura completa.<\/p>\n<h3>Conclus\u00e3o<\/h3>\n<p>O fim do ver\u00e3o traz desafios clim\u00e1ticos para o turismo urbano no Brasil. Por\u00e9m, as cidades brasileiras demonstram resili\u00eancia cultural e tur\u00edstica inigual\u00e1vel. Al\u00e9m disso, os viajadores que se adaptam \u00e0s condi\u00e7\u00f5es locais descobrem experi\u00eancias \u00fanicas e seguras.<\/p>\n<figure class=\"wp-block-image\"><img decoding=\"async\" src=\"https:\/\/lazer.dnn.lat\/wp-content\/uploads\/2026\/09\/jotha-jotha-04ad19c5-infographic_00001_-1.webp\" alt=\"Infogr\u00e1fico - Como planejar sua viagem ao Belo Horizonte com a chuva: dicas de lazer e turismo para o final do ver\u00e3o\" \/><\/figure>\n<p>Portanto, respepe a previs\u00e3o meteorol\u00f3gica e explore as alternativas protegidas. Todavia, o calor veraneiro voltar\u00e1 em poucos meses e a cidade se preparar\u00e1 para novas viagens. Al\u00e9m disso, os guia tur\u00edsticos recomendam flexibilidade nas reservas durante esta \u00e9poca.<\/p>\n<h3>Leia tambem<\/h3>\n<ul>\n<li><a href=\"http:\/\/pnn.lat\/bem-estar-saude\/pets\/como-garantir-que-a-chegada-de-um-novo-pet-em-casa-seja-segura-gradual-e-cheia-de-afeto-para-todos-os-animais-e-a-familia\/\" target=\"_blank\" rel=\"noopener\">Como Garantir que a Chegada de um Novo Pet em Casa Seja Segura, Gradual e Cheia de Afeto para Todos os Animais e a Fam\u00edlia<\/a> <em>(pnn.lat)<\/em><\/li>\n<li><a href=\"https:\/\/tec.dnn.lat\/inteligencia-artificial\/pix-e-inteligencia-artificial-na-deteccao-de-fraudes-no-mercado-digital-brasileiro\/\" target=\"_blank\" rel=\"noopener\">Pix e Intelig\u00eancia Artificial na Detec\u00e7\u00e3o de Fraudes no Mercado Digital Brasileiro<\/a> <em>(tec.dnn.lat)<\/em><\/li>\n<li><a href=\"https:\/\/tec.dnn.lat\/internet-seguranca-digital\/violencia-digital-1-em-cada-10-brasileiras-com-16-anos-ou-mais-foi-vitima-no-ultimo-ano\/\" target=\"_blank\" rel=\"noopener\">Viol\u00eancia digital: 1 em cada 10 brasileiras com 16 anos ou mais foi v\u00edtima no \u00faltimo ano<\/a> <em>(tec.dnn.lat)<\/em><\/li>\n<li><a href=\"https:\/\/lazer.dnn.lat\/index.php\/2026\/09\/05\/portuguese-football-fan-club-a-nova-tend-ncia-de-turismo-esportivo-no-brasil\/\" target=\"_blank\" rel=\"noopener\">Portuguese Football Fan Club: A nova tend\u00eancia de turismo esportivo no Brasil<\/a> <em>(lazer.dnn.lat)<\/em><\/li>\n<li><a href=\"https:\/\/lazer.dnn.lat\/index.php\/2026\/09\/05\/jogo-s-o-paulo-x-atl-tico-mg-onde-dormir-e-comer-no-rio-grande-do-sul-para-torcedores\/\" target=\"_blank\" rel=\"noopener\">Jogo S\u00e3o Paulo x Atl\u00e9tico-MG: Onde dormir e comer no Rio Grande do Sul para torcedores<\/a> <em>(lazer.dnn.lat)<\/em><\/li>\n<\/ul>\n","protected":false},"excerpt":{"rendered":"<p>Como planejar sua viagem ao Belo Horizonte com a chuva: dicas de lazer e turismo para o final do ver\u00e3o O calor estressante cede o lugar para as nuvens quando o fim do ver\u00e3o chega ao Brasil. A previs\u00e3o meteorol\u00f3gica confirma que o Belo Horizonte vive um per\u00edodo de chuvas intensas nesta \u00e9poca. Viajadores que [&hellip;]<\/p>\n","protected":false},"author":2,"featured_media":40,"comment_status":"closed","ping_status":"open","sticky":false,"template":"","format":"standard","meta":{"footnotes":""},"categories":[5],"tags":[36,38,37,34,35],"class_list":["post-42","post","type-post","status-publish","format-standard","has-post-thumbnail","hentry","category-lazer-em-familia","tag-belo","tag-chuva","tag-horizonte","tag-planejar","tag-viagem"],"yoast_head":"<!-- This site is optimized with the Yoast SEO plugin v28.4 - https:\/\/yoast.com\/product\/yoast-seo-wordpress\/ -->\n<title>Como planejar sua viagem ao Belo Horizonte com a chuva: dica<\/title>\n<meta name=\"description\" content=\"Como planejar sua viagem ao Belo Horizonte com a chuva: dicas de lazer e turismo para o final do ver\u00e3o O calor estressante cede o lugar para as nuvens...\" \/>\n<meta name=\"robots\" content=\"index, follow, max-snippet:-1, max-image-preview:large, max-video-preview:-1\" \/>\n<link rel=\"canonical\" href=\"\/como-planejar-sua-viagem-ao-belo-horizonte-com-a-chuva-dicas-de-lazer-e-turismo-para-o-final-do-verao\/\" \/>\n<meta property=\"og:locale\" content=\"pt_BR\" \/>\n<meta property=\"og:type\" content=\"article\" \/>\n<meta property=\"og:title\" content=\"Como planejar sua viagem ao Belo Horizonte com a chuva: dicas de lazer e turismo para o final d\" \/>\n<meta property=\"og:description\" content=\"Como planejar sua viagem ao Belo Horizonte com a chuva: dicas de lazer e turismo para o final do ver\u00e3o O calor estressante cede o lugar para as nuvens quando o fim do ver\u00e3o chega a...\" \/>\n<meta property=\"og:url\" content=\"\/como-planejar-sua-viagem-ao-belo-horizonte-com-a-chuva-dicas-de-lazer-e-turismo-para-o-final-do-verao\/\" \/>\n<meta property=\"og:site_name\" content=\"DNN LAZER - Di\u00e1rio Not\u00edcias Nacionais\" \/>\n<meta property=\"article:published_time\" content=\"2026-09-06T09:36:06+00:00\" \/>\n<meta property=\"article:modified_time\" content=\"2026-09-06T09:36:15+00:00\" \/>\n<meta property=\"og:image\" content=\"https:\/\/lazer.dnn.lat\/wp-content\/uploads\/2026\/09\/jotha-jotha-1e96b013-featured_00001_-1.webp\" \/>\n\t<meta property=\"og:image:width\" content=\"1920\" \/>\n\t<meta property=\"og:image:height\" content=\"1080\" \/>\n\t<meta property=\"og:image:type\" content=\"image\/webp\" \/>\n<meta name=\"author\" content=\"Roberto Zago Sartori\" \/>\n<meta name=\"twitter:card\" content=\"summary_large_image\" \/>\n<meta name=\"twitter:title\" content=\"Como planejar sua viagem ao Belo Horizonte com a chuva: dicas de lazer\" \/>\n<meta name=\"twitter:description\" content=\"Como planejar sua viagem ao Belo Horizonte com a chuva: dicas de lazer e turismo para o final do ver\u00e3o O calor estressante cede o lugar para as nuvens quando o fim do ver\u00e3o chega a...\" \/>\n<meta name=\"twitter:label1\" content=\"Escrito por\" \/>\n\t<meta name=\"twitter:data1\" content=\"Roberto Zago Sartori\" \/>\n\t<meta name=\"twitter:label2\" content=\"Est. tempo de leitura\" \/>\n\t<meta name=\"twitter:data2\" content=\"6 minutos\" \/>\n<script type=\"application\/ld+json\" class=\"yoast-schema-graph\">{\"@context\":\"https:\\\/\\\/schema.org\",\"@graph\":[{\"@type\":\"Article\",\"@id\":\"\\\/como-planejar-sua-viagem-ao-belo-horizonte-com-a-chuva-dicas-de-lazer-e-turismo-para-o-final-do-verao\\\/#article\",\"isPartOf\":{\"@id\":\"https:\\\/\\\/lazer.dnn.lat\\\/index.php\\\/2026\\\/09\\\/06\\\/como-planejar-sua-viagem-ao-belo-horizonte-com-a-chuva-dicas-de-lazer-e-turismo-para-o-final-do-verao\\\/\"},\"author\":{\"name\":\"Roberto Zago Sartori\",\"@id\":\"https:\\\/\\\/lazer.dnn.lat\\\/#\\\/schema\\\/person\\\/516afc6d1ee26c66fdded930285ebb61\"},\"headline\":\"Como planejar sua viagem ao Belo Horizonte com a chuva: dicas de lazer e turismo para o final do ver\u00e3o\",\"datePublished\":\"2026-09-06T09:36:06+00:00\",\"dateModified\":\"2026-09-06T09:36:15+00:00\",\"mainEntityOfPage\":{\"@id\":\"https:\\\/\\\/lazer.dnn.lat\\\/index.php\\\/2026\\\/09\\\/06\\\/como-planejar-sua-viagem-ao-belo-horizonte-com-a-chuva-dicas-de-lazer-e-turismo-para-o-final-do-verao\\\/\"},\"wordCount\":1277,\"publisher\":{\"@id\":\"https:\\\/\\\/lazer.dnn.lat\\\/#organization\"},\"image\":{\"@id\":\"\\\/como-planejar-sua-viagem-ao-belo-horizonte-com-a-chuva-dicas-de-lazer-e-turismo-para-o-final-do-verao\\\/#primaryimage\"},\"thumbnailUrl\":\"https:\\\/\\\/lazer.dnn.lat\\\/wp-content\\\/uploads\\\/2026\\\/09\\\/jotha-jotha-1e96b013-featured_00001_-1.webp\",\"keywords\":[\"Belo\",\"Chuva\",\"Horizonte\",\"Planejar\",\"Viagem\"],\"articleSection\":[\"LAZER EM FAM\u00cdLIA\"],\"inLanguage\":\"pt-BR\"},{\"@type\":\"WebPage\",\"@id\":\"https:\\\/\\\/lazer.dnn.lat\\\/index.php\\\/2026\\\/09\\\/06\\\/como-planejar-sua-viagem-ao-belo-horizonte-com-a-chuva-dicas-de-lazer-e-turismo-para-o-final-do-verao\\\/\",\"url\":\"\\\/como-planejar-sua-viagem-ao-belo-horizonte-com-a-chuva-dicas-de-lazer-e-turismo-para-o-final-do-verao\\\/\",\"name\":\"Como planejar sua viagem ao Belo Horizonte com a chuva: dica\",\"isPartOf\":{\"@id\":\"https:\\\/\\\/lazer.dnn.lat\\\/#website\"},\"primaryImageOfPage\":{\"@id\":\"\\\/como-planejar-sua-viagem-ao-belo-horizonte-com-a-chuva-dicas-de-lazer-e-turismo-para-o-final-do-verao\\\/#primaryimage\"},\"image\":{\"@id\":\"\\\/como-planejar-sua-viagem-ao-belo-horizonte-com-a-chuva-dicas-de-lazer-e-turismo-para-o-final-do-verao\\\/#primaryimage\"},\"thumbnailUrl\":\"https:\\\/\\\/lazer.dnn.lat\\\/wp-content\\\/uploads\\\/2026\\\/09\\\/jotha-jotha-1e96b013-featured_00001_-1.webp\",\"datePublished\":\"2026-09-06T09:36:06+00:00\",\"dateModified\":\"2026-09-06T09:36:15+00:00\",\"description\":\"Como planejar sua viagem ao Belo Horizonte com a chuva: dicas de lazer e turismo para o final do ver\u00e3o O calor estressante cede o lugar para as nuvens...\",\"breadcrumb\":{\"@id\":\"\\\/como-planejar-sua-viagem-ao-belo-horizonte-com-a-chuva-dicas-de-lazer-e-turismo-para-o-final-do-verao\\\/#breadcrumb\"},\"inLanguage\":\"pt-BR\",\"potentialAction\":[{\"@type\":\"ReadAction\",\"target\":[\"\\\/como-planejar-sua-viagem-ao-belo-horizonte-com-a-chuva-dicas-de-lazer-e-turismo-para-o-final-do-verao\\\/\"]}]},{\"@type\":\"ImageObject\",\"inLanguage\":\"pt-BR\",\"@id\":\"\\\/como-planejar-sua-viagem-ao-belo-horizonte-com-a-chuva-dicas-de-lazer-e-turismo-para-o-final-do-verao\\\/#primaryimage\",\"url\":\"https:\\\/\\\/lazer.dnn.lat\\\/wp-content\\\/uploads\\\/2026\\\/09\\\/jotha-jotha-1e96b013-featured_00001_-1.webp\",\"contentUrl\":\"https:\\\/\\\/lazer.dnn.lat\\\/wp-content\\\/uploads\\\/2026\\\/09\\\/jotha-jotha-1e96b013-featured_00001_-1.webp\",\"width\":1920,\"height\":1080},{\"@type\":\"BreadcrumbList\",\"@id\":\"\\\/como-planejar-sua-viagem-ao-belo-horizonte-com-a-chuva-dicas-de-lazer-e-turismo-para-o-final-do-verao\\\/#breadcrumb\",\"itemListElement\":[{\"@type\":\"ListItem\",\"position\":1,\"name\":\"Home\",\"item\":\"https:\\\/\\\/lazer.dnn.lat\\\/\"},{\"@type\":\"ListItem\",\"position\":2,\"name\":\"Como planejar sua viagem ao Belo Horizonte com a chuva: dicas de lazer e turismo para o final do ver\u00e3o\"}]},{\"@type\":\"WebSite\",\"@id\":\"https:\\\/\\\/lazer.dnn.lat\\\/#website\",\"url\":\"https:\\\/\\\/lazer.dnn.lat\\\/\",\"name\":\"DNN LAZER - Di\u00e1rio Not\u00edcias Nacionais\",\"description\":\"\",\"publisher\":{\"@id\":\"https:\\\/\\\/lazer.dnn.lat\\\/#organization\"},\"potentialAction\":[{\"@type\":\"SearchAction\",\"target\":{\"@type\":\"EntryPoint\",\"urlTemplate\":\"https:\\\/\\\/lazer.dnn.lat\\\/?s={search_term_string}\"},\"query-input\":{\"@type\":\"PropertyValueSpecification\",\"valueRequired\":true,\"valueName\":\"search_term_string\"}}],\"inLanguage\":\"pt-BR\"},{\"@type\":\"Organization\",\"@id\":\"https:\\\/\\\/lazer.dnn.lat\\\/#organization\",\"name\":\"DNN LAZER - Di\u00e1rio Not\u00edcias Nacionais\",\"url\":\"https:\\\/\\\/lazer.dnn.lat\\\/\",\"logo\":{\"@type\":\"ImageObject\",\"inLanguage\":\"pt-BR\",\"@id\":\"https:\\\/\\\/lazer.dnn.lat\\\/#\\\/schema\\\/logo\\\/image\\\/\",\"url\":\"https:\\\/\\\/lazer.dnn.lat\\\/wp-content\\\/uploads\\\/2025\\\/12\\\/cropped-logo-generator-5.jpg\",\"contentUrl\":\"https:\\\/\\\/lazer.dnn.lat\\\/wp-content\\\/uploads\\\/2025\\\/12\\\/cropped-logo-generator-5.jpg\",\"width\":1023,\"height\":1023,\"caption\":\"DNN LAZER - Di\u00e1rio Not\u00edcias Nacionais\"},\"image\":{\"@id\":\"https:\\\/\\\/lazer.dnn.lat\\\/#\\\/schema\\\/logo\\\/image\\\/\"}},{\"@type\":\"Person\",\"@id\":\"https:\\\/\\\/lazer.dnn.lat\\\/#\\\/schema\\\/person\\\/516afc6d1ee26c66fdded930285ebb61\",\"name\":\"Roberto Zago Sartori\",\"image\":{\"@type\":\"ImageObject\",\"inLanguage\":\"pt-BR\",\"@id\":\"https:\\\/\\\/secure.gravatar.com\\\/avatar\\\/a10c8b1311960021476ae00ab23f9976c978bd1f686cd2cfa0b65e1754d44411?s=96&d=mm&r=g\",\"url\":\"https:\\\/\\\/secure.gravatar.com\\\/avatar\\\/a10c8b1311960021476ae00ab23f9976c978bd1f686cd2cfa0b65e1754d44411?s=96&d=mm&r=g\",\"contentUrl\":\"https:\\\/\\\/secure.gravatar.com\\\/avatar\\\/a10c8b1311960021476ae00ab23f9976c978bd1f686cd2cfa0b65e1754d44411?s=96&d=mm&r=g\",\"caption\":\"Roberto Zago Sartori\"},\"url\":\"https:\\\/\\\/lazer.dnn.lat\\\/index.php\\\/author\\\/roberto-zago-sartori\\\/\"}]}<\/script>\n<!-- \/ Yoast SEO plugin. -->","yoast_head_json":{"title":"Como planejar sua viagem ao Belo Horizonte com a chuva: dica","description":"Como planejar sua viagem ao Belo Horizonte com a chuva: dicas de lazer e turismo para o final do ver\u00e3o O calor estressante cede o lugar para as nuvens...","robots":{"index":"index","follow":"follow","max-snippet":"max-snippet:-1","max-image-preview":"max-image-preview:large","max-video-preview":"max-video-preview:-1"},"canonical":"\/como-planejar-sua-viagem-ao-belo-horizonte-com-a-chuva-dicas-de-lazer-e-turismo-para-o-final-do-verao\/","og_locale":"pt_BR","og_type":"article","og_title":"Como planejar sua viagem ao Belo Horizonte com a chuva: dicas de lazer e turismo para o final d","og_description":"Como planejar sua viagem ao Belo Horizonte com a chuva: dicas de lazer e turismo para o final do ver\u00e3o O calor estressante cede o lugar para as nuvens quando o fim do ver\u00e3o chega a...","og_url":"\/como-planejar-sua-viagem-ao-belo-horizonte-com-a-chuva-dicas-de-lazer-e-turismo-para-o-final-do-verao\/","og_site_name":"DNN LAZER - Di\u00e1rio Not\u00edcias Nacionais","article_published_time":"2026-09-06T09:36:06+00:00","article_modified_time":"2026-09-06T09:36:15+00:00","og_image":[{"width":1920,"height":1080,"url":"https:\/\/lazer.dnn.lat\/wp-content\/uploads\/2026\/09\/jotha-jotha-1e96b013-featured_00001_-1.webp","type":"image\/webp"}],"author":"Roberto Zago Sartori","twitter_card":"summary_large_image","twitter_title":"Como planejar sua viagem ao Belo Horizonte com a chuva: dicas de lazer","twitter_description":"Como planejar sua viagem ao Belo Horizonte com a chuva: dicas de lazer e turismo para o final do ver\u00e3o O calor estressante cede o lugar para as nuvens quando o fim do ver\u00e3o chega a...","twitter_misc":{"Escrito por":"Roberto Zago Sartori","Est. tempo de leitura":"6 minutos"},"schema":{"@context":"https:\/\/schema.org","@graph":[{"@type":"Article","@id":"\/como-planejar-sua-viagem-ao-belo-horizonte-com-a-chuva-dicas-de-lazer-e-turismo-para-o-final-do-verao\/#article","isPartOf":{"@id":"https:\/\/lazer.dnn.lat\/index.php\/2026\/09\/06\/como-planejar-sua-viagem-ao-belo-horizonte-com-a-chuva-dicas-de-lazer-e-turismo-para-o-final-do-verao\/"},"author":{"name":"Roberto Zago Sartori","@id":"https:\/\/lazer.dnn.lat\/#\/schema\/person\/516afc6d1ee26c66fdded930285ebb61"},"headline":"Como planejar sua viagem ao Belo Horizonte com a chuva: dicas de lazer e turismo para o final do ver\u00e3o","datePublished":"2026-09-06T09:36:06+00:00","dateModified":"2026-09-06T09:36:15+00:00","mainEntityOfPage":{"@id":"https:\/\/lazer.dnn.lat\/index.php\/2026\/09\/06\/como-planejar-sua-viagem-ao-belo-horizonte-com-a-chuva-dicas-de-lazer-e-turismo-para-o-final-do-verao\/"},"wordCount":1277,"publisher":{"@id":"https:\/\/lazer.dnn.lat\/#organization"},"image":{"@id":"\/como-planejar-sua-viagem-ao-belo-horizonte-com-a-chuva-dicas-de-lazer-e-turismo-para-o-final-do-verao\/#primaryimage"},"thumbnailUrl":"https:\/\/lazer.dnn.lat\/wp-content\/uploads\/2026\/09\/jotha-jotha-1e96b013-featured_00001_-1.webp","keywords":["Belo","Chuva","Horizonte","Planejar","Viagem"],"articleSection":["LAZER EM FAM\u00cdLIA"],"inLanguage":"pt-BR"},{"@type":"WebPage","@id":"https:\/\/lazer.dnn.lat\/index.php\/2026\/09\/06\/como-planejar-sua-viagem-ao-belo-horizonte-com-a-chuva-dicas-de-lazer-e-turismo-para-o-final-do-verao\/","url":"\/como-planejar-sua-viagem-ao-belo-horizonte-com-a-chuva-dicas-de-lazer-e-turismo-para-o-final-do-verao\/","name":"Como planejar sua viagem ao Belo Horizonte com a chuva: dica","isPartOf":{"@id":"https:\/\/lazer.dnn.lat\/#website"},"primaryImageOfPage":{"@id":"\/como-planejar-sua-viagem-ao-belo-horizonte-com-a-chuva-dicas-de-lazer-e-turismo-para-o-final-do-verao\/#primaryimage"},"image":{"@id":"\/como-planejar-sua-viagem-ao-belo-horizonte-com-a-chuva-dicas-de-lazer-e-turismo-para-o-final-do-verao\/#primaryimage"},"thumbnailUrl":"https:\/\/lazer.dnn.lat\/wp-content\/uploads\/2026\/09\/jotha-jotha-1e96b013-featured_00001_-1.webp","datePublished":"2026-09-06T09:36:06+00:00","dateModified":"2026-09-06T09:36:15+00:00","description":"Como planejar sua viagem ao Belo Horizonte com a chuva: dicas de lazer e turismo para o final do ver\u00e3o O calor estressante cede o lugar para as nuvens...","breadcrumb":{"@id":"\/como-planejar-sua-viagem-ao-belo-horizonte-com-a-chuva-dicas-de-lazer-e-turismo-para-o-final-do-verao\/#breadcrumb"},"inLanguage":"pt-BR","potentialAction":[{"@type":"ReadAction","target":["\/como-planejar-sua-viagem-ao-belo-horizonte-com-a-chuva-dicas-de-lazer-e-turismo-para-o-final-do-verao\/"]}]},{"@type":"ImageObject","inLanguage":"pt-BR","@id":"\/como-planejar-sua-viagem-ao-belo-horizonte-com-a-chuva-dicas-de-lazer-e-turismo-para-o-final-do-verao\/#primaryimage","url":"https:\/\/lazer.dnn.lat\/wp-content\/uploads\/2026\/09\/jotha-jotha-1e96b013-featured_00001_-1.webp","contentUrl":"https:\/\/lazer.dnn.lat\/wp-content\/uploads\/2026\/09\/jotha-jotha-1e96b013-featured_00001_-1.webp","width":1920,"height":1080},{"@type":"BreadcrumbList","@id":"\/como-planejar-sua-viagem-ao-belo-horizonte-com-a-chuva-dicas-de-lazer-e-turismo-para-o-final-do-verao\/#breadcrumb","itemListElement":[{"@type":"ListItem","position":1,"name":"Home","item":"https:\/\/lazer.dnn.lat\/"},{"@type":"ListItem","position":2,"name":"Como planejar sua viagem ao Belo Horizonte com a chuva: dicas de lazer e turismo para o final do ver\u00e3o"}]},{"@type":"WebSite","@id":"https:\/\/lazer.dnn.lat\/#website","url":"https:\/\/lazer.dnn.lat\/","name":"DNN LAZER - Di\u00e1rio Not\u00edcias Nacionais","description":"","publisher":{"@id":"https:\/\/lazer.dnn.lat\/#organization"},"potentialAction":[{"@type":"SearchAction","target":{"@type":"EntryPoint","urlTemplate":"https:\/\/lazer.dnn.lat\/?s={search_term_string}"},"query-input":{"@type":"PropertyValueSpecification","valueRequired":true,"valueName":"search_term_string"}}],"inLanguage":"pt-BR"},{"@type":"Organization","@id":"https:\/\/lazer.dnn.lat\/#organization","name":"DNN LAZER - Di\u00e1rio Not\u00edcias Nacionais","url":"https:\/\/lazer.dnn.lat\/","logo":{"@type":"ImageObject","inLanguage":"pt-BR","@id":"https:\/\/lazer.dnn.lat\/#\/schema\/logo\/image\/","url":"https:\/\/lazer.dnn.lat\/wp-content\/uploads\/2025\/12\/cropped-logo-generator-5.jpg","contentUrl":"https:\/\/lazer.dnn.lat\/wp-content\/uploads\/2025\/12\/cropped-logo-generator-5.jpg","width":1023,"height":1023,"caption":"DNN LAZER - Di\u00e1rio Not\u00edcias Nacionais"},"image":{"@id":"https:\/\/lazer.dnn.lat\/#\/schema\/logo\/image\/"}},{"@type":"Person","@id":"https:\/\/lazer.dnn.lat\/#\/schema\/person\/516afc6d1ee26c66fdded930285ebb61","name":"Roberto Zago Sartori","image":{"@type":"ImageObject","inLanguage":"pt-BR","@id":"https:\/\/secure.gravatar.com\/avatar\/a10c8b1311960021476ae00ab23f9976c978bd1f686cd2cfa0b65e1754d44411?s=96&d=mm&r=g","url":"https:\/\/secure.gravatar.com\/avatar\/a10c8b1311960021476ae00ab23f9976c978bd1f686cd2cfa0b65e1754d44411?s=96&d=mm&r=g","contentUrl":"https:\/\/secure.gravatar.com\/avatar\/a10c8b1311960021476ae00ab23f9976c978bd1f686cd2cfa0b65e1754d44411?s=96&d=mm&r=g","caption":"Roberto Zago Sartori"},"url":"https:\/\/lazer.dnn.lat\/index.php\/author\/roberto-zago-sartori\/"}]}},"_links":{"self":[{"href":"https:\/\/lazer.dnn.lat\/index.php\/wp-json\/wp\/v2\/posts\/42","targetHints":{"allow":["GET"]}}],"collection":[{"href":"https:\/\/lazer.dnn.lat\/index.php\/wp-json\/wp\/v2\/posts"}],"about":[{"href":"https:\/\/lazer.dnn.lat\/index.php\/wp-json\/wp\/v2\/types\/post"}],"author":[{"embeddable":true,"href":"https:\/\/lazer.dnn.lat\/index.php\/wp-json\/wp\/v2\/users\/2"}],"replies":[{"embeddable":true,"href":"https:\/\/lazer.dnn.lat\/index.php\/wp-json\/wp\/v2\/comments?post=42"}],"version-history":[{"count":1,"href":"https:\/\/lazer.dnn.lat\/index.php\/wp-json\/wp\/v2\/posts\/42\/revisions"}],"predecessor-version":[{"id":43,"href":"https:\/\/lazer.dnn.lat\/index.php\/wp-json\/wp\/v2\/posts\/42\/revisions\/43"}],"wp:featuredmedia":[{"embeddable":true,"href":"https:\/\/lazer.dnn.lat\/index.php\/wp-json\/wp\/v2\/media\/40"}],"wp:attachment":[{"href":"https:\/\/lazer.dnn.lat\/index.php\/wp-json\/wp\/v2\/media?parent=42"}],"wp:term":[{"taxonomy":"category","embeddable":true,"href":"https:\/\/lazer.dnn.lat\/index.php\/wp-json\/wp\/v2\/categories?post=42"},{"taxonomy":"post_tag","embeddable":true,"href":"https:\/\/lazer.dnn.lat\/index.php\/wp-json\/wp\/v2\/tags?post=42"}],"curies":[{"name":"wp","href":"https:\/\/api.w.org\/{rel}","templated":true}]}}